{"id":7964,"date":"2022-12-21T14:00:00","date_gmt":"2022-12-21T13:00:00","guid":{"rendered":"https:\/\/www.altelios.com\/?p=7964"},"modified":"2022-12-22T15:13:00","modified_gmt":"2022-12-22T14:13:00","slug":"la-marque-employeur-altelios-technology-fait-peau-neuve","status":"publish","type":"post","link":"https:\/\/www.altelios.com\/fr\/non-classifiee\/la-marque-employeur-altelios-technology-fait-peau-neuve\/","title":{"rendered":"La marque employeur Altelios Technology fait peau neuve"},"content":{"rendered":"\n<h2 class=\"wp-block-heading\">ON RECRUTE !<\/h2>\n\n\n\n<p>Ce site carri\u00e8re, enti\u00e8rement d\u00e9di\u00e9 au recrutement, porte haut l&rsquo;image de notre Groupe ainsi que nos valeurs. Il a pour ambition de :<\/p>\n\n\n\n<ul class=\"wp-block-list\"><li>Renforcer la visibilit\u00e9 de nos offres d&#8217;emploi : un moteur de recherche multicrit\u00e8res permet au candidat de trouver l&rsquo;offre d&#8217;emploi qui lui correspond : m\u00e9tier, situation g\u00e9ographique, type de contrat&#8230; ;<\/li><li>Dynamiser les recrutements en mettant \u00e0 l&rsquo;honneur la marque employeur \u00a0\u00bb Proud Of Your Talent \u00a0\u00bb et impliquer les collaborateurs ;<\/li><li>Valoriser les composantes de notre d\u00e9marche RH : valeurs, cooptation, mobilit\u00e9, management de proximit\u00e9, programmes de formation ;<\/li><\/ul>\n\n\n\n<p><\/p>\n\n\n\n<p>Proud of your talent permet \u00e9galement au visiteur de mieux conna\u00eetre les diff\u00e9rents m\u00e9tiers et expertises du Groupe et de mieux suivre ses conseils et actualit\u00e9s. Ainsi, au travers de ce nouveau site, Altelios r\u00e9affirme sa volont\u00e9 de mener une politique soutenue de recrutements : plus de 100 nouveaux collaborateurs de profils vari\u00e9s dans l&rsquo;IT et l&rsquo;ing\u00e9nierie sont attendus en 2020.<\/p>\n\n\n\n<h2 class=\"wp-block-heading\">MAIS AU FAIT : POURQUOI PROUD OF YOUR TALENT ?<\/h2>\n\n\n\n<p>Proud Of Your Talent, est une promesse ! Celle d&rsquo;\u00eatre fier de tous nos collaborateurs, de leur expertise et de leur professionnalisme. En effet miroir, c&rsquo;est \u00e9galement \u00eatre fier de faire partie du Groupe et de sa culture alliant travail d&rsquo;\u00e9quipe, entraide, \u00e9coute et bienveillance. Visitez notre site : <a href=\"http:\/\/www.proudofyourtalent.altelios.com\/\">www.proudofyourtalent.altelios.com<\/a><\/p>\n","protected":false},"excerpt":{"rendered":"<p>ON RECRUTE ! Ce site carri\u00e8re, enti\u00e8rement d\u00e9di\u00e9 au recrutement, porte haut l&rsquo;image de notre Groupe ainsi que nos valeurs. Il a pour ambition de : Renforcer la visibilit\u00e9 de nos offres d&#8217;emploi : un moteur de recherche multicrit\u00e8res permet au candidat de trouver l&rsquo;offre d&#8217;emploi qui lui correspond : m\u00e9tier, situation g\u00e9ographique, type de [&hellip;]<\/p>\n","protected":false},"author":1,"featured_media":8090,"comment_status":"closed","ping_status":"closed","sticky":false,"template":"","format":"standard","meta":{"inline_featured_image":false,"footnotes":""},"categories":[17,1],"tags":[],"class_list":["post-7964","post","type-post","status-publish","format-standard","has-post-thumbnail","hentry","category-actualites","category-non-classifiee"],"yoast_head":"<!-- This site is optimized with the Yoast SEO Premium plugin v22.4 (Yoast SEO v27.5) - https:\/\/yoast.com\/product\/yoast-seo-premium-wordpress\/ -->\n<title>La marque employeur Altelios Technology fait peau neuve - Altelios Technology<\/title>\n<meta name=\"robots\" content=\"index, follow, max-snippet:-1, max-image-preview:large, max-video-preview:-1\" \/>\n<link rel=\"canonical\" href=\"https:\/\/www.altelios.com\/fr\/non-classifiee\/la-marque-employeur-altelios-technology-fait-peau-neuve\/\" \/>\n<meta property=\"og:locale\" content=\"fr_FR\" \/>\n<meta property=\"og:type\" content=\"article\" \/>\n<meta property=\"og:title\" content=\"La marque employeur Altelios Technology fait peau neuve\" \/>\n<meta property=\"og:description\" content=\"ON RECRUTE ! Ce site carri\u00e8re, enti\u00e8rement d\u00e9di\u00e9 au recrutement, porte haut l&rsquo;image de notre Groupe ainsi que nos valeurs. Il a pour ambition de : Renforcer la visibilit\u00e9 de nos offres d&#8217;emploi : un moteur de recherche multicrit\u00e8res permet au candidat de trouver l&rsquo;offre d&#8217;emploi qui lui correspond : m\u00e9tier, situation g\u00e9ographique, type de [&hellip;]\" \/>\n<meta property=\"og:url\" content=\"https:\/\/www.altelios.com\/fr\/non-classifiee\/la-marque-employeur-altelios-technology-fait-peau-neuve\/\" \/>\n<meta property=\"og:site_name\" content=\"Altelios Technology\" \/>\n<meta property=\"article:published_time\" content=\"2022-12-21T13:00:00+00:00\" \/>\n<meta property=\"article:modified_time\" content=\"2022-12-22T14:13:00+00:00\" \/>\n<meta property=\"og:image\" content=\"https:\/\/www.altelios.com\/wp-content\/uploads\/2022\/12\/image-2.png\" \/>\n\t<meta property=\"og:image:width\" content=\"1086\" \/>\n\t<meta property=\"og:image:height\" content=\"1086\" \/>\n\t<meta property=\"og:image:type\" content=\"image\/png\" \/>\n<meta name=\"author\" content=\"Rapha\u00ebl MICHEL\" \/>\n<meta name=\"twitter:card\" content=\"summary_large_image\" \/>\n<meta name=\"twitter:label1\" content=\"\u00c9crit par\" \/>\n\t<meta name=\"twitter:data1\" content=\"Rapha\u00ebl MICHEL\" \/>\n\t<meta name=\"twitter:label2\" content=\"Dur\u00e9e de lecture estim\u00e9e\" \/>\n\t<meta name=\"twitter:data2\" content=\"1 minute\" \/>\n<script type=\"application\/ld+json\" class=\"yoast-schema-graph\">{\"@context\":\"https:\\\/\\\/schema.org\",\"@graph\":[{\"@type\":\"Article\",\"@id\":\"https:\\\/\\\/www.altelios.com\\\/fr\\\/non-classifiee\\\/la-marque-employeur-altelios-technology-fait-peau-neuve\\\/#article\",\"isPartOf\":{\"@id\":\"https:\\\/\\\/www.altelios.com\\\/fr\\\/non-classifiee\\\/la-marque-employeur-altelios-technology-fait-peau-neuve\\\/\"},\"author\":{\"name\":\"Rapha\u00ebl MICHEL\",\"@id\":\"https:\\\/\\\/www.altelios.com\\\/fr\\\/#\\\/schema\\\/person\\\/a882b4f10ec6d82dc06906fcc9f9a5e5\"},\"headline\":\"La marque employeur Altelios Technology fait peau neuve\",\"datePublished\":\"2022-12-21T13:00:00+00:00\",\"dateModified\":\"2022-12-22T14:13:00+00:00\",\"mainEntityOfPage\":{\"@id\":\"https:\\\/\\\/www.altelios.com\\\/fr\\\/non-classifiee\\\/la-marque-employeur-altelios-technology-fait-peau-neuve\\\/\"},\"wordCount\":226,\"publisher\":{\"@id\":\"https:\\\/\\\/www.altelios.com\\\/fr\\\/#organization\"},\"image\":{\"@id\":\"https:\\\/\\\/www.altelios.com\\\/fr\\\/non-classifiee\\\/la-marque-employeur-altelios-technology-fait-peau-neuve\\\/#primaryimage\"},\"thumbnailUrl\":\"https:\\\/\\\/www.altelios.com\\\/wp-content\\\/uploads\\\/2022\\\/12\\\/image-2.png\",\"articleSection\":[\"Actualit\u00e9s\",\"Non classifi\u00e9(e)\"],\"inLanguage\":\"fr-FR\"},{\"@type\":\"WebPage\",\"@id\":\"https:\\\/\\\/www.altelios.com\\\/fr\\\/non-classifiee\\\/la-marque-employeur-altelios-technology-fait-peau-neuve\\\/\",\"url\":\"https:\\\/\\\/www.altelios.com\\\/fr\\\/non-classifiee\\\/la-marque-employeur-altelios-technology-fait-peau-neuve\\\/\",\"name\":\"La marque employeur Altelios Technology fait peau neuve - Altelios Technology\",\"isPartOf\":{\"@id\":\"https:\\\/\\\/www.altelios.com\\\/fr\\\/#website\"},\"primaryImageOfPage\":{\"@id\":\"https:\\\/\\\/www.altelios.com\\\/fr\\\/non-classifiee\\\/la-marque-employeur-altelios-technology-fait-peau-neuve\\\/#primaryimage\"},\"image\":{\"@id\":\"https:\\\/\\\/www.altelios.com\\\/fr\\\/non-classifiee\\\/la-marque-employeur-altelios-technology-fait-peau-neuve\\\/#primaryimage\"},\"thumbnailUrl\":\"https:\\\/\\\/www.altelios.com\\\/wp-content\\\/uploads\\\/2022\\\/12\\\/image-2.png\",\"datePublished\":\"2022-12-21T13:00:00+00:00\",\"dateModified\":\"2022-12-22T14:13:00+00:00\",\"breadcrumb\":{\"@id\":\"https:\\\/\\\/www.altelios.com\\\/fr\\\/non-classifiee\\\/la-marque-employeur-altelios-technology-fait-peau-neuve\\\/#breadcrumb\"},\"inLanguage\":\"fr-FR\",\"potentialAction\":[{\"@type\":\"ReadAction\",\"target\":[\"https:\\\/\\\/www.altelios.com\\\/fr\\\/non-classifiee\\\/la-marque-employeur-altelios-technology-fait-peau-neuve\\\/\"]}]},{\"@type\":\"ImageObject\",\"inLanguage\":\"fr-FR\",\"@id\":\"https:\\\/\\\/www.altelios.com\\\/fr\\\/non-classifiee\\\/la-marque-employeur-altelios-technology-fait-peau-neuve\\\/#primaryimage\",\"url\":\"https:\\\/\\\/www.altelios.com\\\/wp-content\\\/uploads\\\/2022\\\/12\\\/image-2.png\",\"contentUrl\":\"https:\\\/\\\/www.altelios.com\\\/wp-content\\\/uploads\\\/2022\\\/12\\\/image-2.png\",\"width\":1086,\"height\":1086},{\"@type\":\"BreadcrumbList\",\"@id\":\"https:\\\/\\\/www.altelios.com\\\/fr\\\/non-classifiee\\\/la-marque-employeur-altelios-technology-fait-peau-neuve\\\/#breadcrumb\",\"itemListElement\":[{\"@type\":\"ListItem\",\"position\":1,\"name\":\"Accueil\",\"item\":\"https:\\\/\\\/www.altelios.com\\\/fr\\\/\"},{\"@type\":\"ListItem\",\"position\":2,\"name\":\"La marque employeur Altelios Technology fait peau neuve\"}]},{\"@type\":\"WebSite\",\"@id\":\"https:\\\/\\\/www.altelios.com\\\/fr\\\/#website\",\"url\":\"https:\\\/\\\/www.altelios.com\\\/fr\\\/\",\"name\":\"Altelios Technology\",\"description\":\"Conseils en ing\u00e9nierie et Syst\u00e8mes d\u2019information\",\"publisher\":{\"@id\":\"https:\\\/\\\/www.altelios.com\\\/fr\\\/#organization\"},\"potentialAction\":[{\"@type\":\"SearchAction\",\"target\":{\"@type\":\"EntryPoint\",\"urlTemplate\":\"https:\\\/\\\/www.altelios.com\\\/fr\\\/?s={search_term_string}\"},\"query-input\":{\"@type\":\"PropertyValueSpecification\",\"valueRequired\":true,\"valueName\":\"search_term_string\"}}],\"inLanguage\":\"fr-FR\"},{\"@type\":\"Organization\",\"@id\":\"https:\\\/\\\/www.altelios.com\\\/fr\\\/#organization\",\"name\":\"Altelios Technology\",\"url\":\"https:\\\/\\\/www.altelios.com\\\/fr\\\/\",\"logo\":{\"@type\":\"ImageObject\",\"inLanguage\":\"fr-FR\",\"@id\":\"https:\\\/\\\/www.altelios.com\\\/fr\\\/#\\\/schema\\\/logo\\\/image\\\/\",\"url\":\"https:\\\/\\\/www.altelios.com\\\/wp-content\\\/uploads\\\/2022\\\/03\\\/logoatwhite.png\",\"contentUrl\":\"https:\\\/\\\/www.altelios.com\\\/wp-content\\\/uploads\\\/2022\\\/03\\\/logoatwhite.png\",\"width\":2048,\"height\":314,\"caption\":\"Altelios Technology\"},\"image\":{\"@id\":\"https:\\\/\\\/www.altelios.com\\\/fr\\\/#\\\/schema\\\/logo\\\/image\\\/\"}},{\"@type\":\"Person\",\"@id\":\"https:\\\/\\\/www.altelios.com\\\/fr\\\/#\\\/schema\\\/person\\\/a882b4f10ec6d82dc06906fcc9f9a5e5\",\"name\":\"Rapha\u00ebl MICHEL\",\"image\":{\"@type\":\"ImageObject\",\"inLanguage\":\"fr-FR\",\"@id\":\"https:\\\/\\\/secure.gravatar.com\\\/avatar\\\/c52e40849d5c5720df6d94168aded95595d0bb2a3a9997301714244dc3741572?s=96&d=blank&r=g\",\"url\":\"https:\\\/\\\/secure.gravatar.com\\\/avatar\\\/c52e40849d5c5720df6d94168aded95595d0bb2a3a9997301714244dc3741572?s=96&d=blank&r=g\",\"contentUrl\":\"https:\\\/\\\/secure.gravatar.com\\\/avatar\\\/c52e40849d5c5720df6d94168aded95595d0bb2a3a9997301714244dc3741572?s=96&d=blank&r=g\",\"caption\":\"Rapha\u00ebl MICHEL\"},\"sameAs\":[\"https:\\\/\\\/www.altelios.com\"],\"url\":\"https:\\\/\\\/www.altelios.com\\\/fr\\\/author\\\/altelios_x3b0ll4p\\\/\"}]}<\/script>\n<!-- \/ Yoast SEO Premium plugin. -->","yoast_head_json":{"title":"La marque employeur Altelios Technology fait peau neuve - Altelios Technology","robots":{"index":"index","follow":"follow","max-snippet":"max-snippet:-1","max-image-preview":"max-image-preview:large","max-video-preview":"max-video-preview:-1"},"canonical":"https:\/\/www.altelios.com\/fr\/non-classifiee\/la-marque-employeur-altelios-technology-fait-peau-neuve\/","og_locale":"fr_FR","og_type":"article","og_title":"La marque employeur Altelios Technology fait peau neuve","og_description":"ON RECRUTE ! Ce site carri\u00e8re, enti\u00e8rement d\u00e9di\u00e9 au recrutement, porte haut l&rsquo;image de notre Groupe ainsi que nos valeurs. Il a pour ambition de : Renforcer la visibilit\u00e9 de nos offres d&#8217;emploi : un moteur de recherche multicrit\u00e8res permet au candidat de trouver l&rsquo;offre d&#8217;emploi qui lui correspond : m\u00e9tier, situation g\u00e9ographique, type de [&hellip;]","og_url":"https:\/\/www.altelios.com\/fr\/non-classifiee\/la-marque-employeur-altelios-technology-fait-peau-neuve\/","og_site_name":"Altelios Technology","article_published_time":"2022-12-21T13:00:00+00:00","article_modified_time":"2022-12-22T14:13:00+00:00","og_image":[{"width":1086,"height":1086,"url":"https:\/\/www.altelios.com\/wp-content\/uploads\/2022\/12\/image-2.png","type":"image\/png"}],"author":"Rapha\u00ebl MICHEL","twitter_card":"summary_large_image","twitter_misc":{"\u00c9crit par":"Rapha\u00ebl MICHEL","Dur\u00e9e de lecture estim\u00e9e":"1 minute"},"schema":{"@context":"https:\/\/schema.org","@graph":[{"@type":"Article","@id":"https:\/\/www.altelios.com\/fr\/non-classifiee\/la-marque-employeur-altelios-technology-fait-peau-neuve\/#article","isPartOf":{"@id":"https:\/\/www.altelios.com\/fr\/non-classifiee\/la-marque-employeur-altelios-technology-fait-peau-neuve\/"},"author":{"name":"Rapha\u00ebl MICHEL","@id":"https:\/\/www.altelios.com\/fr\/#\/schema\/person\/a882b4f10ec6d82dc06906fcc9f9a5e5"},"headline":"La marque employeur Altelios Technology fait peau neuve","datePublished":"2022-12-21T13:00:00+00:00","dateModified":"2022-12-22T14:13:00+00:00","mainEntityOfPage":{"@id":"https:\/\/www.altelios.com\/fr\/non-classifiee\/la-marque-employeur-altelios-technology-fait-peau-neuve\/"},"wordCount":226,"publisher":{"@id":"https:\/\/www.altelios.com\/fr\/#organization"},"image":{"@id":"https:\/\/www.altelios.com\/fr\/non-classifiee\/la-marque-employeur-altelios-technology-fait-peau-neuve\/#primaryimage"},"thumbnailUrl":"https:\/\/www.altelios.com\/wp-content\/uploads\/2022\/12\/image-2.png","articleSection":["Actualit\u00e9s","Non classifi\u00e9(e)"],"inLanguage":"fr-FR"},{"@type":"WebPage","@id":"https:\/\/www.altelios.com\/fr\/non-classifiee\/la-marque-employeur-altelios-technology-fait-peau-neuve\/","url":"https:\/\/www.altelios.com\/fr\/non-classifiee\/la-marque-employeur-altelios-technology-fait-peau-neuve\/","name":"La marque employeur Altelios Technology fait peau neuve - Altelios Technology","isPartOf":{"@id":"https:\/\/www.altelios.com\/fr\/#website"},"primaryImageOfPage":{"@id":"https:\/\/www.altelios.com\/fr\/non-classifiee\/la-marque-employeur-altelios-technology-fait-peau-neuve\/#primaryimage"},"image":{"@id":"https:\/\/www.altelios.com\/fr\/non-classifiee\/la-marque-employeur-altelios-technology-fait-peau-neuve\/#primaryimage"},"thumbnailUrl":"https:\/\/www.altelios.com\/wp-content\/uploads\/2022\/12\/image-2.png","datePublished":"2022-12-21T13:00:00+00:00","dateModified":"2022-12-22T14:13:00+00:00","breadcrumb":{"@id":"https:\/\/www.altelios.com\/fr\/non-classifiee\/la-marque-employeur-altelios-technology-fait-peau-neuve\/#breadcrumb"},"inLanguage":"fr-FR","potentialAction":[{"@type":"ReadAction","target":["https:\/\/www.altelios.com\/fr\/non-classifiee\/la-marque-employeur-altelios-technology-fait-peau-neuve\/"]}]},{"@type":"ImageObject","inLanguage":"fr-FR","@id":"https:\/\/www.altelios.com\/fr\/non-classifiee\/la-marque-employeur-altelios-technology-fait-peau-neuve\/#primaryimage","url":"https:\/\/www.altelios.com\/wp-content\/uploads\/2022\/12\/image-2.png","contentUrl":"https:\/\/www.altelios.com\/wp-content\/uploads\/2022\/12\/image-2.png","width":1086,"height":1086},{"@type":"BreadcrumbList","@id":"https:\/\/www.altelios.com\/fr\/non-classifiee\/la-marque-employeur-altelios-technology-fait-peau-neuve\/#breadcrumb","itemListElement":[{"@type":"ListItem","position":1,"name":"Accueil","item":"https:\/\/www.altelios.com\/fr\/"},{"@type":"ListItem","position":2,"name":"La marque employeur Altelios Technology fait peau neuve"}]},{"@type":"WebSite","@id":"https:\/\/www.altelios.com\/fr\/#website","url":"https:\/\/www.altelios.com\/fr\/","name":"Altelios Technology","description":"Conseils en ing\u00e9nierie et Syst\u00e8mes d\u2019information","publisher":{"@id":"https:\/\/www.altelios.com\/fr\/#organization"},"potentialAction":[{"@type":"SearchAction","target":{"@type":"EntryPoint","urlTemplate":"https:\/\/www.altelios.com\/fr\/?s={search_term_string}"},"query-input":{"@type":"PropertyValueSpecification","valueRequired":true,"valueName":"search_term_string"}}],"inLanguage":"fr-FR"},{"@type":"Organization","@id":"https:\/\/www.altelios.com\/fr\/#organization","name":"Altelios Technology","url":"https:\/\/www.altelios.com\/fr\/","logo":{"@type":"ImageObject","inLanguage":"fr-FR","@id":"https:\/\/www.altelios.com\/fr\/#\/schema\/logo\/image\/","url":"https:\/\/www.altelios.com\/wp-content\/uploads\/2022\/03\/logoatwhite.png","contentUrl":"https:\/\/www.altelios.com\/wp-content\/uploads\/2022\/03\/logoatwhite.png","width":2048,"height":314,"caption":"Altelios Technology"},"image":{"@id":"https:\/\/www.altelios.com\/fr\/#\/schema\/logo\/image\/"}},{"@type":"Person","@id":"https:\/\/www.altelios.com\/fr\/#\/schema\/person\/a882b4f10ec6d82dc06906fcc9f9a5e5","name":"Rapha\u00ebl MICHEL","image":{"@type":"ImageObject","inLanguage":"fr-FR","@id":"https:\/\/secure.gravatar.com\/avatar\/c52e40849d5c5720df6d94168aded95595d0bb2a3a9997301714244dc3741572?s=96&d=blank&r=g","url":"https:\/\/secure.gravatar.com\/avatar\/c52e40849d5c5720df6d94168aded95595d0bb2a3a9997301714244dc3741572?s=96&d=blank&r=g","contentUrl":"https:\/\/secure.gravatar.com\/avatar\/c52e40849d5c5720df6d94168aded95595d0bb2a3a9997301714244dc3741572?s=96&d=blank&r=g","caption":"Rapha\u00ebl MICHEL"},"sameAs":["https:\/\/www.altelios.com"],"url":"https:\/\/www.altelios.com\/fr\/author\/altelios_x3b0ll4p\/"}]}},"_links":{"self":[{"href":"https:\/\/www.altelios.com\/fr\/wp-json\/wp\/v2\/posts\/7964","targetHints":{"allow":["GET"]}}],"collection":[{"href":"https:\/\/www.altelios.com\/fr\/wp-json\/wp\/v2\/posts"}],"about":[{"href":"https:\/\/www.altelios.com\/fr\/wp-json\/wp\/v2\/types\/post"}],"author":[{"embeddable":true,"href":"https:\/\/www.altelios.com\/fr\/wp-json\/wp\/v2\/users\/1"}],"replies":[{"embeddable":true,"href":"https:\/\/www.altelios.com\/fr\/wp-json\/wp\/v2\/comments?post=7964"}],"version-history":[{"count":4,"href":"https:\/\/www.altelios.com\/fr\/wp-json\/wp\/v2\/posts\/7964\/revisions"}],"predecessor-version":[{"id":8096,"href":"https:\/\/www.altelios.com\/fr\/wp-json\/wp\/v2\/posts\/7964\/revisions\/8096"}],"wp:featuredmedia":[{"embeddable":true,"href":"https:\/\/www.altelios.com\/fr\/wp-json\/wp\/v2\/media\/8090"}],"wp:attachment":[{"href":"https:\/\/www.altelios.com\/fr\/wp-json\/wp\/v2\/media?parent=7964"}],"wp:term":[{"taxonomy":"category","embeddable":true,"href":"https:\/\/www.altelios.com\/fr\/wp-json\/wp\/v2\/categories?post=7964"},{"taxonomy":"post_tag","embeddable":true,"href":"https:\/\/www.altelios.com\/fr\/wp-json\/wp\/v2\/tags?post=7964"}],"curies":[{"name":"wp","href":"https:\/\/api.w.org\/{rel}","templated":true}]}}