{"id":7977,"date":"2019-07-16T14:00:34","date_gmt":"2019-07-16T12:00:34","guid":{"rendered":"https:\/\/www.altelios.com\/?p=7977"},"modified":"2022-11-10T16:10:51","modified_gmt":"2022-11-10T15:10:51","slug":"altelios-sengage-avec-abcde-vietnam","status":"publish","type":"post","link":"https:\/\/www.altelios.com\/fr\/actualites\/altelios-sengage-avec-abcde-vietnam\/","title":{"rendered":"Altelios s&rsquo;engage avec ABCDE Vietnam"},"content":{"rendered":"\n<p><em><strong>Altelios est venu en aide aux enfants vietnamiens, via l&rsquo;association ABCDE Vietnam, en faisant dont de fournitures scolaires. Une aide concr\u00e8te et indispensable \u00e0 l&rsquo;apprentissage de ces enfants d\u00e9favoris\u00e9s.<\/strong><\/em><\/p>\n\n<p><strong>Tout a commenc\u00e9 avec Pauline&#8230;.<\/strong><\/p>\n\n<p>Altelios avait depuis longtemps \u00e0 c\u0153ur d&rsquo;aider mat\u00e9riellement une association humanitaire, \u00e0 but \u00e9ducatif. C&rsquo;est ainsi que Pauline, une collaboratrice Altelios, a propos\u00e9 son association : ABCDE Vietnam avec son projet d&rsquo;aide \u00e0 l&rsquo;\u00e9ducation des petits vietnamiens.<\/p>\n\n<p>Dans une optique de non-gaspillage, Altelios Technology a donc r\u00e9uni en interne plus de 150 cahiers et stylos associ\u00e9s afin de les envoyer au Vietnam. Les membres de l&rsquo;association sont venus fin juin r\u00e9cup\u00e9rer les fournitures du Groupe.<\/p>\n\n<p><strong>Le sourire des enfants d&rsquo;Hai Phong<\/strong><\/p>\n\n<p>Quelques jours apr\u00e8s la collecte des cahiers et stylos, les b\u00e9n\u00e9voles de l&rsquo;association ont pu les distribuer aux petits coll\u00e9giens de Hai Phong et Ha Long, deux villes au nord du pays. Gr\u00e2ce \u00e0 l&rsquo;association ABCDE Vietnam et aux diff\u00e9rentes aides d&rsquo;entreprises tel qu&rsquo;Altelios, ces enfants ont une chance de grandir et d&rsquo;\u00eatre \u00e9duqu\u00e9s normalement, et d&rsquo;assurer une fois adultes l&rsquo;autonomie de leur famille.<\/p>\n\n<figure class=\"wp-block-image size-large\"><img fetchpriority=\"high\" decoding=\"async\" width=\"1024\" height=\"451\" src=\"https:\/\/www.altelios.com\/wp-content\/uploads\/2022\/11\/66343578_387992895050223_6481381171816038400_n-768x1024-copie-1024x451.jpg\" alt=\"\" class=\"wp-image-7935\" srcset=\"https:\/\/www.altelios.com\/wp-content\/uploads\/2022\/11\/66343578_387992895050223_6481381171816038400_n-768x1024-copie-1024x451.jpg 1024w, https:\/\/www.altelios.com\/wp-content\/uploads\/2022\/11\/66343578_387992895050223_6481381171816038400_n-768x1024-copie-300x132.jpg 300w, https:\/\/www.altelios.com\/wp-content\/uploads\/2022\/11\/66343578_387992895050223_6481381171816038400_n-768x1024-copie-768x338.jpg 768w, https:\/\/www.altelios.com\/wp-content\/uploads\/2022\/11\/66343578_387992895050223_6481381171816038400_n-768x1024-copie-1536x676.jpg 1536w, https:\/\/www.altelios.com\/wp-content\/uploads\/2022\/11\/66343578_387992895050223_6481381171816038400_n-768x1024-copie-scaled.jpg 2048w\" sizes=\"(max-width: 1024px) 100vw, 1024px\" \/><\/figure>\n<p><strong>L&rsquo;association ABDCE Vietnam<\/strong><\/p>\n\n<p>ABCDE Vietnam (Association \u00e0 But Culturel et de D\u00e9veloppement Educatif) est une association engag\u00e9e depuis plus de 25 ans dans la promotion de la langue fran\u00e7aise au Vietnam. Chaque ann\u00e9e des b\u00e9n\u00e9voles participent \u00e0 des missions d&rsquo;une dur\u00e9e de 6 semaines au Vietnam, durant lesquelles ils auront la possibilit\u00e9 de donner des cours de fran\u00e7ais \u00e0 des \u00e9l\u00e8ves vietnamiens, du primaire au lyc\u00e9e. Les missions se d\u00e9roulent l&rsquo;\u00e9t\u00e9, de juin \u00e0 ao\u00fbt, et peuvent s&rsquo;inscrire ais\u00e9ment dans le cadre d&rsquo;un cursus scolaire. Ils assurent alors des cours quotidiens de fran\u00e7ais, les emplois du temps varient selon les destinations, et les ann\u00e9es. Cette ann\u00e9e c&rsquo;est dans deux villes du nord du Vietnam que s&rsquo;effectuent les missions : Hai Phong et Ha Long. Les \u00e9tudiants participent \u00e0 un \u00e9change culturel inoubliable.<\/p>\n","protected":false},"excerpt":{"rendered":"<p>Altelios est venu en aide aux enfants vietnamiens, via l&rsquo;association ABCDE Vietnam, en faisant dont de fournitures scolaires. Une aide concr\u00e8te et indispensable \u00e0 l&rsquo;apprentissage de ces enfants d\u00e9favoris\u00e9s. Tout a commenc\u00e9 avec Pauline&#8230;. Altelios avait depuis longtemps \u00e0 c\u0153ur d&rsquo;aider mat\u00e9riellement une association humanitaire, \u00e0 but \u00e9ducatif. C&rsquo;est ainsi que Pauline, une collaboratrice Altelios, [&hellip;]<\/p>\n","protected":false},"author":1,"featured_media":7926,"comment_status":"closed","ping_status":"closed","sticky":false,"template":"","format":"standard","meta":{"inline_featured_image":false,"footnotes":""},"categories":[17],"tags":[],"class_list":["post-7977","post","type-post","status-publish","format-standard","has-post-thumbnail","hentry","category-actualites"],"yoast_head":"<!-- This site is optimized with the Yoast SEO Premium plugin v22.4 (Yoast SEO v27.5) - https:\/\/yoast.com\/product\/yoast-seo-premium-wordpress\/ -->\n<title>Altelios s&#039;engage avec ABCDE Vietnam - Altelios Technology<\/title>\n<meta name=\"robots\" content=\"index, follow, max-snippet:-1, max-image-preview:large, max-video-preview:-1\" \/>\n<link rel=\"canonical\" href=\"https:\/\/www.altelios.com\/fr\/actualites\/altelios-sengage-avec-abcde-vietnam\/\" \/>\n<meta property=\"og:locale\" content=\"fr_FR\" \/>\n<meta property=\"og:type\" content=\"article\" \/>\n<meta property=\"og:title\" content=\"Altelios s&#039;engage avec ABCDE Vietnam\" \/>\n<meta property=\"og:description\" content=\"Altelios est venu en aide aux enfants vietnamiens, via l&rsquo;association ABCDE Vietnam, en faisant dont de fournitures scolaires. Une aide concr\u00e8te et indispensable \u00e0 l&rsquo;apprentissage de ces enfants d\u00e9favoris\u00e9s. Tout a commenc\u00e9 avec Pauline&#8230;. Altelios avait depuis longtemps \u00e0 c\u0153ur d&rsquo;aider mat\u00e9riellement une association humanitaire, \u00e0 but \u00e9ducatif. C&rsquo;est ainsi que Pauline, une collaboratrice Altelios, [&hellip;]\" \/>\n<meta property=\"og:url\" content=\"https:\/\/www.altelios.com\/fr\/actualites\/altelios-sengage-avec-abcde-vietnam\/\" \/>\n<meta property=\"og:site_name\" content=\"Altelios Technology\" \/>\n<meta property=\"article:published_time\" content=\"2019-07-16T12:00:34+00:00\" \/>\n<meta property=\"article:modified_time\" content=\"2022-11-10T15:10:51+00:00\" \/>\n<meta property=\"og:image\" content=\"https:\/\/www.altelios.com\/wp-content\/uploads\/2022\/11\/photo-couverture-2.png\" \/>\n\t<meta property=\"og:image:width\" content=\"640\" \/>\n\t<meta property=\"og:image:height\" content=\"360\" \/>\n\t<meta property=\"og:image:type\" content=\"image\/png\" \/>\n<meta name=\"author\" content=\"Rapha\u00ebl MICHEL\" \/>\n<meta name=\"twitter:card\" content=\"summary_large_image\" \/>\n<meta name=\"twitter:label1\" content=\"\u00c9crit par\" \/>\n\t<meta name=\"twitter:data1\" content=\"Rapha\u00ebl MICHEL\" \/>\n\t<meta name=\"twitter:label2\" content=\"Dur\u00e9e de lecture estim\u00e9e\" \/>\n\t<meta name=\"twitter:data2\" content=\"2 minutes\" \/>\n<script type=\"application\/ld+json\" class=\"yoast-schema-graph\">{\"@context\":\"https:\\\/\\\/schema.org\",\"@graph\":[{\"@type\":\"Article\",\"@id\":\"https:\\\/\\\/www.altelios.com\\\/fr\\\/actualites\\\/altelios-sengage-avec-abcde-vietnam\\\/#article\",\"isPartOf\":{\"@id\":\"https:\\\/\\\/www.altelios.com\\\/fr\\\/actualites\\\/altelios-sengage-avec-abcde-vietnam\\\/\"},\"author\":{\"name\":\"Rapha\u00ebl MICHEL\",\"@id\":\"https:\\\/\\\/www.altelios.com\\\/fr\\\/#\\\/schema\\\/person\\\/a882b4f10ec6d82dc06906fcc9f9a5e5\"},\"headline\":\"Altelios s&rsquo;engage avec ABCDE Vietnam\",\"datePublished\":\"2019-07-16T12:00:34+00:00\",\"dateModified\":\"2022-11-10T15:10:51+00:00\",\"mainEntityOfPage\":{\"@id\":\"https:\\\/\\\/www.altelios.com\\\/fr\\\/actualites\\\/altelios-sengage-avec-abcde-vietnam\\\/\"},\"wordCount\":336,\"publisher\":{\"@id\":\"https:\\\/\\\/www.altelios.com\\\/fr\\\/#organization\"},\"image\":{\"@id\":\"https:\\\/\\\/www.altelios.com\\\/fr\\\/actualites\\\/altelios-sengage-avec-abcde-vietnam\\\/#primaryimage\"},\"thumbnailUrl\":\"https:\\\/\\\/www.altelios.com\\\/wp-content\\\/uploads\\\/2022\\\/11\\\/photo-couverture-2.png\",\"articleSection\":[\"Actualit\u00e9s\"],\"inLanguage\":\"fr-FR\"},{\"@type\":\"WebPage\",\"@id\":\"https:\\\/\\\/www.altelios.com\\\/fr\\\/actualites\\\/altelios-sengage-avec-abcde-vietnam\\\/\",\"url\":\"https:\\\/\\\/www.altelios.com\\\/fr\\\/actualites\\\/altelios-sengage-avec-abcde-vietnam\\\/\",\"name\":\"Altelios s'engage avec ABCDE Vietnam - Altelios Technology\",\"isPartOf\":{\"@id\":\"https:\\\/\\\/www.altelios.com\\\/fr\\\/#website\"},\"primaryImageOfPage\":{\"@id\":\"https:\\\/\\\/www.altelios.com\\\/fr\\\/actualites\\\/altelios-sengage-avec-abcde-vietnam\\\/#primaryimage\"},\"image\":{\"@id\":\"https:\\\/\\\/www.altelios.com\\\/fr\\\/actualites\\\/altelios-sengage-avec-abcde-vietnam\\\/#primaryimage\"},\"thumbnailUrl\":\"https:\\\/\\\/www.altelios.com\\\/wp-content\\\/uploads\\\/2022\\\/11\\\/photo-couverture-2.png\",\"datePublished\":\"2019-07-16T12:00:34+00:00\",\"dateModified\":\"2022-11-10T15:10:51+00:00\",\"breadcrumb\":{\"@id\":\"https:\\\/\\\/www.altelios.com\\\/fr\\\/actualites\\\/altelios-sengage-avec-abcde-vietnam\\\/#breadcrumb\"},\"inLanguage\":\"fr-FR\",\"potentialAction\":[{\"@type\":\"ReadAction\",\"target\":[\"https:\\\/\\\/www.altelios.com\\\/fr\\\/actualites\\\/altelios-sengage-avec-abcde-vietnam\\\/\"]}]},{\"@type\":\"ImageObject\",\"inLanguage\":\"fr-FR\",\"@id\":\"https:\\\/\\\/www.altelios.com\\\/fr\\\/actualites\\\/altelios-sengage-avec-abcde-vietnam\\\/#primaryimage\",\"url\":\"https:\\\/\\\/www.altelios.com\\\/wp-content\\\/uploads\\\/2022\\\/11\\\/photo-couverture-2.png\",\"contentUrl\":\"https:\\\/\\\/www.altelios.com\\\/wp-content\\\/uploads\\\/2022\\\/11\\\/photo-couverture-2.png\",\"width\":640,\"height\":360},{\"@type\":\"BreadcrumbList\",\"@id\":\"https:\\\/\\\/www.altelios.com\\\/fr\\\/actualites\\\/altelios-sengage-avec-abcde-vietnam\\\/#breadcrumb\",\"itemListElement\":[{\"@type\":\"ListItem\",\"position\":1,\"name\":\"Accueil\",\"item\":\"https:\\\/\\\/www.altelios.com\\\/fr\\\/\"},{\"@type\":\"ListItem\",\"position\":2,\"name\":\"Altelios s&#8217;engage avec ABCDE Vietnam\"}]},{\"@type\":\"WebSite\",\"@id\":\"https:\\\/\\\/www.altelios.com\\\/fr\\\/#website\",\"url\":\"https:\\\/\\\/www.altelios.com\\\/fr\\\/\",\"name\":\"Altelios Technology\",\"description\":\"Conseils en ing\u00e9nierie et Syst\u00e8mes d\u2019information\",\"publisher\":{\"@id\":\"https:\\\/\\\/www.altelios.com\\\/fr\\\/#organization\"},\"potentialAction\":[{\"@type\":\"SearchAction\",\"target\":{\"@type\":\"EntryPoint\",\"urlTemplate\":\"https:\\\/\\\/www.altelios.com\\\/fr\\\/?s={search_term_string}\"},\"query-input\":{\"@type\":\"PropertyValueSpecification\",\"valueRequired\":true,\"valueName\":\"search_term_string\"}}],\"inLanguage\":\"fr-FR\"},{\"@type\":\"Organization\",\"@id\":\"https:\\\/\\\/www.altelios.com\\\/fr\\\/#organization\",\"name\":\"Altelios Technology\",\"url\":\"https:\\\/\\\/www.altelios.com\\\/fr\\\/\",\"logo\":{\"@type\":\"ImageObject\",\"inLanguage\":\"fr-FR\",\"@id\":\"https:\\\/\\\/www.altelios.com\\\/fr\\\/#\\\/schema\\\/logo\\\/image\\\/\",\"url\":\"https:\\\/\\\/www.altelios.com\\\/wp-content\\\/uploads\\\/2022\\\/03\\\/logoatwhite.png\",\"contentUrl\":\"https:\\\/\\\/www.altelios.com\\\/wp-content\\\/uploads\\\/2022\\\/03\\\/logoatwhite.png\",\"width\":2048,\"height\":314,\"caption\":\"Altelios Technology\"},\"image\":{\"@id\":\"https:\\\/\\\/www.altelios.com\\\/fr\\\/#\\\/schema\\\/logo\\\/image\\\/\"}},{\"@type\":\"Person\",\"@id\":\"https:\\\/\\\/www.altelios.com\\\/fr\\\/#\\\/schema\\\/person\\\/a882b4f10ec6d82dc06906fcc9f9a5e5\",\"name\":\"Rapha\u00ebl MICHEL\",\"image\":{\"@type\":\"ImageObject\",\"inLanguage\":\"fr-FR\",\"@id\":\"https:\\\/\\\/secure.gravatar.com\\\/avatar\\\/c52e40849d5c5720df6d94168aded95595d0bb2a3a9997301714244dc3741572?s=96&d=blank&r=g\",\"url\":\"https:\\\/\\\/secure.gravatar.com\\\/avatar\\\/c52e40849d5c5720df6d94168aded95595d0bb2a3a9997301714244dc3741572?s=96&d=blank&r=g\",\"contentUrl\":\"https:\\\/\\\/secure.gravatar.com\\\/avatar\\\/c52e40849d5c5720df6d94168aded95595d0bb2a3a9997301714244dc3741572?s=96&d=blank&r=g\",\"caption\":\"Rapha\u00ebl MICHEL\"},\"sameAs\":[\"https:\\\/\\\/www.altelios.com\"],\"url\":\"https:\\\/\\\/www.altelios.com\\\/fr\\\/author\\\/altelios_x3b0ll4p\\\/\"}]}<\/script>\n<!-- \/ Yoast SEO Premium plugin. -->","yoast_head_json":{"title":"Altelios s'engage avec ABCDE Vietnam - Altelios Technology","robots":{"index":"index","follow":"follow","max-snippet":"max-snippet:-1","max-image-preview":"max-image-preview:large","max-video-preview":"max-video-preview:-1"},"canonical":"https:\/\/www.altelios.com\/fr\/actualites\/altelios-sengage-avec-abcde-vietnam\/","og_locale":"fr_FR","og_type":"article","og_title":"Altelios s'engage avec ABCDE Vietnam","og_description":"Altelios est venu en aide aux enfants vietnamiens, via l&rsquo;association ABCDE Vietnam, en faisant dont de fournitures scolaires. Une aide concr\u00e8te et indispensable \u00e0 l&rsquo;apprentissage de ces enfants d\u00e9favoris\u00e9s. Tout a commenc\u00e9 avec Pauline&#8230;. Altelios avait depuis longtemps \u00e0 c\u0153ur d&rsquo;aider mat\u00e9riellement une association humanitaire, \u00e0 but \u00e9ducatif. C&rsquo;est ainsi que Pauline, une collaboratrice Altelios, [&hellip;]","og_url":"https:\/\/www.altelios.com\/fr\/actualites\/altelios-sengage-avec-abcde-vietnam\/","og_site_name":"Altelios Technology","article_published_time":"2019-07-16T12:00:34+00:00","article_modified_time":"2022-11-10T15:10:51+00:00","og_image":[{"width":640,"height":360,"url":"https:\/\/www.altelios.com\/wp-content\/uploads\/2022\/11\/photo-couverture-2.png","type":"image\/png"}],"author":"Rapha\u00ebl MICHEL","twitter_card":"summary_large_image","twitter_misc":{"\u00c9crit par":"Rapha\u00ebl MICHEL","Dur\u00e9e de lecture estim\u00e9e":"2 minutes"},"schema":{"@context":"https:\/\/schema.org","@graph":[{"@type":"Article","@id":"https:\/\/www.altelios.com\/fr\/actualites\/altelios-sengage-avec-abcde-vietnam\/#article","isPartOf":{"@id":"https:\/\/www.altelios.com\/fr\/actualites\/altelios-sengage-avec-abcde-vietnam\/"},"author":{"name":"Rapha\u00ebl MICHEL","@id":"https:\/\/www.altelios.com\/fr\/#\/schema\/person\/a882b4f10ec6d82dc06906fcc9f9a5e5"},"headline":"Altelios s&rsquo;engage avec ABCDE Vietnam","datePublished":"2019-07-16T12:00:34+00:00","dateModified":"2022-11-10T15:10:51+00:00","mainEntityOfPage":{"@id":"https:\/\/www.altelios.com\/fr\/actualites\/altelios-sengage-avec-abcde-vietnam\/"},"wordCount":336,"publisher":{"@id":"https:\/\/www.altelios.com\/fr\/#organization"},"image":{"@id":"https:\/\/www.altelios.com\/fr\/actualites\/altelios-sengage-avec-abcde-vietnam\/#primaryimage"},"thumbnailUrl":"https:\/\/www.altelios.com\/wp-content\/uploads\/2022\/11\/photo-couverture-2.png","articleSection":["Actualit\u00e9s"],"inLanguage":"fr-FR"},{"@type":"WebPage","@id":"https:\/\/www.altelios.com\/fr\/actualites\/altelios-sengage-avec-abcde-vietnam\/","url":"https:\/\/www.altelios.com\/fr\/actualites\/altelios-sengage-avec-abcde-vietnam\/","name":"Altelios s'engage avec ABCDE Vietnam - Altelios Technology","isPartOf":{"@id":"https:\/\/www.altelios.com\/fr\/#website"},"primaryImageOfPage":{"@id":"https:\/\/www.altelios.com\/fr\/actualites\/altelios-sengage-avec-abcde-vietnam\/#primaryimage"},"image":{"@id":"https:\/\/www.altelios.com\/fr\/actualites\/altelios-sengage-avec-abcde-vietnam\/#primaryimage"},"thumbnailUrl":"https:\/\/www.altelios.com\/wp-content\/uploads\/2022\/11\/photo-couverture-2.png","datePublished":"2019-07-16T12:00:34+00:00","dateModified":"2022-11-10T15:10:51+00:00","breadcrumb":{"@id":"https:\/\/www.altelios.com\/fr\/actualites\/altelios-sengage-avec-abcde-vietnam\/#breadcrumb"},"inLanguage":"fr-FR","potentialAction":[{"@type":"ReadAction","target":["https:\/\/www.altelios.com\/fr\/actualites\/altelios-sengage-avec-abcde-vietnam\/"]}]},{"@type":"ImageObject","inLanguage":"fr-FR","@id":"https:\/\/www.altelios.com\/fr\/actualites\/altelios-sengage-avec-abcde-vietnam\/#primaryimage","url":"https:\/\/www.altelios.com\/wp-content\/uploads\/2022\/11\/photo-couverture-2.png","contentUrl":"https:\/\/www.altelios.com\/wp-content\/uploads\/2022\/11\/photo-couverture-2.png","width":640,"height":360},{"@type":"BreadcrumbList","@id":"https:\/\/www.altelios.com\/fr\/actualites\/altelios-sengage-avec-abcde-vietnam\/#breadcrumb","itemListElement":[{"@type":"ListItem","position":1,"name":"Accueil","item":"https:\/\/www.altelios.com\/fr\/"},{"@type":"ListItem","position":2,"name":"Altelios s&#8217;engage avec ABCDE Vietnam"}]},{"@type":"WebSite","@id":"https:\/\/www.altelios.com\/fr\/#website","url":"https:\/\/www.altelios.com\/fr\/","name":"Altelios Technology","description":"Conseils en ing\u00e9nierie et Syst\u00e8mes d\u2019information","publisher":{"@id":"https:\/\/www.altelios.com\/fr\/#organization"},"potentialAction":[{"@type":"SearchAction","target":{"@type":"EntryPoint","urlTemplate":"https:\/\/www.altelios.com\/fr\/?s={search_term_string}"},"query-input":{"@type":"PropertyValueSpecification","valueRequired":true,"valueName":"search_term_string"}}],"inLanguage":"fr-FR"},{"@type":"Organization","@id":"https:\/\/www.altelios.com\/fr\/#organization","name":"Altelios Technology","url":"https:\/\/www.altelios.com\/fr\/","logo":{"@type":"ImageObject","inLanguage":"fr-FR","@id":"https:\/\/www.altelios.com\/fr\/#\/schema\/logo\/image\/","url":"https:\/\/www.altelios.com\/wp-content\/uploads\/2022\/03\/logoatwhite.png","contentUrl":"https:\/\/www.altelios.com\/wp-content\/uploads\/2022\/03\/logoatwhite.png","width":2048,"height":314,"caption":"Altelios Technology"},"image":{"@id":"https:\/\/www.altelios.com\/fr\/#\/schema\/logo\/image\/"}},{"@type":"Person","@id":"https:\/\/www.altelios.com\/fr\/#\/schema\/person\/a882b4f10ec6d82dc06906fcc9f9a5e5","name":"Rapha\u00ebl MICHEL","image":{"@type":"ImageObject","inLanguage":"fr-FR","@id":"https:\/\/secure.gravatar.com\/avatar\/c52e40849d5c5720df6d94168aded95595d0bb2a3a9997301714244dc3741572?s=96&d=blank&r=g","url":"https:\/\/secure.gravatar.com\/avatar\/c52e40849d5c5720df6d94168aded95595d0bb2a3a9997301714244dc3741572?s=96&d=blank&r=g","contentUrl":"https:\/\/secure.gravatar.com\/avatar\/c52e40849d5c5720df6d94168aded95595d0bb2a3a9997301714244dc3741572?s=96&d=blank&r=g","caption":"Rapha\u00ebl MICHEL"},"sameAs":["https:\/\/www.altelios.com"],"url":"https:\/\/www.altelios.com\/fr\/author\/altelios_x3b0ll4p\/"}]}},"_links":{"self":[{"href":"https:\/\/www.altelios.com\/fr\/wp-json\/wp\/v2\/posts\/7977","targetHints":{"allow":["GET"]}}],"collection":[{"href":"https:\/\/www.altelios.com\/fr\/wp-json\/wp\/v2\/posts"}],"about":[{"href":"https:\/\/www.altelios.com\/fr\/wp-json\/wp\/v2\/types\/post"}],"author":[{"embeddable":true,"href":"https:\/\/www.altelios.com\/fr\/wp-json\/wp\/v2\/users\/1"}],"replies":[{"embeddable":true,"href":"https:\/\/www.altelios.com\/fr\/wp-json\/wp\/v2\/comments?post=7977"}],"version-history":[{"count":2,"href":"https:\/\/www.altelios.com\/fr\/wp-json\/wp\/v2\/posts\/7977\/revisions"}],"predecessor-version":[{"id":7989,"href":"https:\/\/www.altelios.com\/fr\/wp-json\/wp\/v2\/posts\/7977\/revisions\/7989"}],"wp:featuredmedia":[{"embeddable":true,"href":"https:\/\/www.altelios.com\/fr\/wp-json\/wp\/v2\/media\/7926"}],"wp:attachment":[{"href":"https:\/\/www.altelios.com\/fr\/wp-json\/wp\/v2\/media?parent=7977"}],"wp:term":[{"taxonomy":"category","embeddable":true,"href":"https:\/\/www.altelios.com\/fr\/wp-json\/wp\/v2\/categories?post=7977"},{"taxonomy":"post_tag","embeddable":true,"href":"https:\/\/www.altelios.com\/fr\/wp-json\/wp\/v2\/tags?post=7977"}],"curies":[{"name":"wp","href":"https:\/\/api.w.org\/{rel}","templated":true}]}}